{"id":7797,"date":"2023-04-20T15:16:05","date_gmt":"2023-04-20T13:16:05","guid":{"rendered":"https:\/\/fr.twiza.org\/portail\/?p=7797"},"modified":"2023-04-24T11:35:18","modified_gmt":"2023-04-24T09:35:18","slug":"comment-optimiser-le-confort-dete-de-sa-maison","status":"publish","type":"post","link":"https:\/\/fr.twiza.org\/portail\/comment-optimiser-le-confort-dete-de-sa-maison\/","title":{"rendered":"Comment optimiser le confort d&rsquo;\u00e9t\u00e9 de sa maison ?"},"content":{"rendered":"\n<figure class=\"wp-block-image size-full\"><img fetchpriority=\"high\" decoding=\"async\" width=\"1024\" height=\"683\" src=\"https:\/\/fr.twiza.org\/portail\/wp-content\/uploads\/2023\/04\/Article-comment-optimiser-son-confort-ete-1-1024px-1.jpeg\" alt=\"Pergola pour optimiser le confort d'\u00e9t\u00e9\" class=\"wp-image-8573\" srcset=\"https:\/\/fr.twiza.org\/portail\/wp-content\/uploads\/2023\/04\/Article-comment-optimiser-son-confort-ete-1-1024px-1.jpeg 1024w, https:\/\/fr.twiza.org\/portail\/wp-content\/uploads\/2023\/04\/Article-comment-optimiser-son-confort-ete-1-1024px-1-600x400.jpeg 600w, https:\/\/fr.twiza.org\/portail\/wp-content\/uploads\/2023\/04\/Article-comment-optimiser-son-confort-ete-1-1024px-1-300x200.jpeg 300w, https:\/\/fr.twiza.org\/portail\/wp-content\/uploads\/2023\/04\/Article-comment-optimiser-son-confort-ete-1-1024px-1-768x512.jpeg 768w, https:\/\/fr.twiza.org\/portail\/wp-content\/uploads\/2023\/04\/Article-comment-optimiser-son-confort-ete-1-1024px-1-360x240.jpeg 360w\" sizes=\"(max-width: 1024px) 100vw, 1024px\" \/><\/figure>\n\n\n\n<div style=\"height:35px\" aria-hidden=\"true\" class=\"wp-block-spacer\"><\/div>\n\n\n\n<p>Les \u00e9pisodes de <strong>canicules<\/strong> sont de plus en plus nombreux au fil des ann\u00e9es et nos logements semblent peu adapt\u00e9s \u00e0 g\u00e9rer ces surchauffes.<\/p>\n\n\n\n<p>Comment faire face aux vagues de chaleurs et b\u00e9n\u00e9ficier d&rsquo;un <strong>habitat confortable <\/strong>en<strong> \u00e9t\u00e9<\/strong> ? <strong>Petits<\/strong> <strong>gestes<\/strong>, <strong>grandes strat\u00e9gies<\/strong> et <strong>mat\u00e9riaux indispensables<\/strong>, voici quelques conseils pour adapter ton chez toi !<\/p>\n\n\n\n<h2 class=\"wp-block-heading\" id=\"h-les-petits-gestes\">Les petits gestes<\/h2>\n\n\n\n<p>Les petits gestes ne font pas tout c&rsquo;est certain, mais sans eux tu n&rsquo;iras pas tr\u00e8s loin :<\/p>\n\n\n\n<ul class=\"wp-block-list\">\n<li><strong>ferme les volets<\/strong> en <strong>journ\u00e9e<\/strong>, ou \u00e0 d\u00e9faut baisse les stores et ferme les rideaux. Le but n&rsquo;est pas de vivre dans une grotte, mais d&#8217;emp\u00eacher les rayons du soleil de rentrer dans ta maison et de la r\u00e9chauffer.<\/li>\n<\/ul>\n\n\n\n<ul class=\"wp-block-list\">\n<li><strong>retire les tapis<\/strong> : le carrelage a une temp\u00e9rature de surface plus fra\u00eeche qu&rsquo;un tapis. La temp\u00e9rature globale ressentie par ton corps sera donc plus faible si les parois (sols, murs, plafond) sont plus fra\u00eeches.<\/li>\n<\/ul>\n\n\n\n<ul class=\"wp-block-list\">\n<li><strong>ouvre les fen\u00eatres la nuit<\/strong>. Ainsi, l&rsquo;air chaud pourra sortir et laisser rentrer l&rsquo;air frais ext\u00e9rieur. Malheureusement, dans le cas o\u00f9 la temp\u00e9rature ne descend pas la nuit, cette solution de fonctionne pas&#8230;<\/li>\n<\/ul>\n\n\n\n<ul class=\"wp-block-list\">\n<li><strong>am\u00e9nage ton jardin !<\/strong> Aussi agr\u00e9ables qu&rsquo;utiles, une mare ou un jardin d&rsquo;eau permettent de cr\u00e9er des \u00eelots de fra\u00eecheur. De la m\u00eame mani\u00e8re, des arbres ou des plantes grimpantes caduques devant tes fen\u00eatres apporteront de l&rsquo;ombre et de la fra\u00eecheur !<\/li>\n<\/ul>\n\n\n<div class=\"wp-block-image\">\n<figure class=\"aligncenter size-full is-resized\"><img decoding=\"async\" src=\"https:\/\/fr.twiza.org\/portail\/wp-content\/uploads\/2023\/01\/Article-comment-optimiser-son-confort-ete-les-petits-gestes-croquis-facade-sud-2-1024px.jpg\" alt=\"\" class=\"wp-image-7801\" width=\"512\" height=\"468\" srcset=\"https:\/\/fr.twiza.org\/portail\/wp-content\/uploads\/2023\/01\/Article-comment-optimiser-son-confort-ete-les-petits-gestes-croquis-facade-sud-2-1024px.jpg 1024w, https:\/\/fr.twiza.org\/portail\/wp-content\/uploads\/2023\/01\/Article-comment-optimiser-son-confort-ete-les-petits-gestes-croquis-facade-sud-2-1024px-600x548.jpg 600w, https:\/\/fr.twiza.org\/portail\/wp-content\/uploads\/2023\/01\/Article-comment-optimiser-son-confort-ete-les-petits-gestes-croquis-facade-sud-2-1024px-300x274.jpg 300w, https:\/\/fr.twiza.org\/portail\/wp-content\/uploads\/2023\/01\/Article-comment-optimiser-son-confort-ete-les-petits-gestes-croquis-facade-sud-2-1024px-768x702.jpg 768w\" sizes=\"(max-width: 512px) 100vw, 512px\" \/><\/figure>\n<\/div>\n\n\n<div style=\"height:25px\" aria-hidden=\"true\" class=\"wp-block-spacer\"><\/div>\n\n\n\n<ul class=\"wp-block-list\">\n<li>Enfin, choisis des <strong>mat\u00e9riaux \u00e0 forte inertie<\/strong> pour stocker la chaleur en journ\u00e9e, ou avec un fort d\u00e9phasage pour l&#8217;emp\u00eacher de rentrer !<\/li>\n<\/ul>\n\n\n\n<h2 class=\"wp-block-heading\" id=\"h-les-grandes-strategies\">Les grandes strat\u00e9gies<\/h2>\n\n\n\n<p><\/p>\n\n\n<div class=\"wp-block-image\">\n<figure class=\"aligncenter size-large is-resized\"><img decoding=\"async\" src=\"https:\/\/fr.twiza.org\/portail\/wp-content\/uploads\/2023\/01\/Article-comment-otimiser-son-sonfort-ete-grandes-strategies-strategie-de-rafraichissement-1-1020px-977x1024.jpg\" alt=\"Sch\u00e9ma des strat\u00e9gies de rafraichissement \u00e0 mettre en place l'\u00e9t\u00e9 dans sa maison pour plus de confort\" class=\"wp-image-7805\" width=\"489\" height=\"512\" srcset=\"https:\/\/fr.twiza.org\/portail\/wp-content\/uploads\/2023\/01\/Article-comment-otimiser-son-sonfort-ete-grandes-strategies-strategie-de-rafraichissement-1-1020px-977x1024.jpg 977w, https:\/\/fr.twiza.org\/portail\/wp-content\/uploads\/2023\/01\/Article-comment-otimiser-son-sonfort-ete-grandes-strategies-strategie-de-rafraichissement-1-1020px-600x629.jpg 600w, https:\/\/fr.twiza.org\/portail\/wp-content\/uploads\/2023\/01\/Article-comment-otimiser-son-sonfort-ete-grandes-strategies-strategie-de-rafraichissement-1-1020px-286x300.jpg 286w, https:\/\/fr.twiza.org\/portail\/wp-content\/uploads\/2023\/01\/Article-comment-otimiser-son-sonfort-ete-grandes-strategies-strategie-de-rafraichissement-1-1020px-768x805.jpg 768w, https:\/\/fr.twiza.org\/portail\/wp-content\/uploads\/2023\/01\/Article-comment-otimiser-son-sonfort-ete-grandes-strategies-strategie-de-rafraichissement-1-1020px.jpg 1020w\" sizes=\"(max-width: 489px) 100vw, 489px\" \/><figcaption class=\"wp-element-caption\">Strat\u00e9gies rafraichissement, Source : Harvard University Dept. of Landscape Architecture + Ti&rsquo;CAD<\/figcaption><\/figure>\n<\/div>\n\n\n<div style=\"height:25px\" aria-hidden=\"true\" class=\"wp-block-spacer\"><\/div>\n\n\n\n<p>Pour te prot\u00e9ger efficacement de la chaleur, le mieux est de mettre en place une <strong>strat\u00e9gie globale<\/strong>. Celle-ci va s&rsquo;articuler autour de <strong>deux axes principaux<\/strong> :<\/p>\n\n\n\n<ul class=\"wp-block-list\">\n<li>des <strong>solutions passives<\/strong><\/li>\n\n\n\n<li>et des <strong>dispositifs actifs<\/strong><\/li>\n<\/ul>\n\n\n\n<h3 class=\"wp-block-heading\">Solutions passives<\/h3>\n\n\n\n<p>Afin d&#8217;emp\u00eacher la chaleur de rentrer chez toi, tu peux d\u00e9ployer des <strong>solutions passives<\/strong> :<\/p>\n\n\n\n<ul class=\"wp-block-list\">\n<li><strong>isoler ta maison<\/strong>, de pr\u00e9f\u00e9rence avec des mat\u00e9riaux \u00e0 fort d\u00e9phasage<\/li>\n<\/ul>\n\n\n\n<ul class=\"wp-block-list\">\n<li><strong>ombrager les ouvertures<\/strong>, au moyen de volets ext\u00e9rieurs, pergolas, plantations etc.<\/li>\n<\/ul>\n\n\n\n<ul class=\"wp-block-list\">\n<li><strong>bloquer la r\u00e9flexion solaire<\/strong>, en choisissant des mat\u00e9riaux peu r\u00e9fl\u00e9chissants<\/li>\n<\/ul>\n\n\n\n<ul class=\"wp-block-list\">\n<li><strong>\u00e9viter le stockage de la chaleur<\/strong>, par exemple en favorisant les zones plant\u00e9es plut\u00f4t que les surfaces min\u00e9rales<\/li>\n<\/ul>\n\n\n\n<p>Ces strat\u00e9gies sont dites \u00ab<strong>passives<\/strong>\u00bb, une fois mises en place elles sont <strong>autonomes<\/strong> et ne n\u00e9cessitent pas d&rsquo;<strong>apport d&rsquo;\u00e9nergie<\/strong> pour fonctionner.<\/p>\n\n\n\n<h3 class=\"wp-block-heading\">Dispositifs actifs<\/h3>\n\n\n\n<p>Pour une approche globale du probl\u00e8me de surchauffe, il est int\u00e9ressant de les compl\u00e9ter par des dispositifs actifs. <\/p>\n\n\n\n<p>Ces dispositifs ont pour but d&rsquo;augmenter les d\u00e9perditions de la maison et n\u00e9cessitent souvent une action quotidienne :<\/p>\n\n\n\n<ul class=\"wp-block-list\">\n<li><strong>cr\u00e9er des courants d&rsquo;air<\/strong>, tr\u00e8s facile si tu b\u00e9n\u00e9ficies de pi\u00e8ces traversantes. Le diff\u00e9rentiel de temp\u00e9rature entre les fa\u00e7ades va favoriser les courants d&rsquo;air. Cela fonctionne aussi entre niveaux : une ouverture basse et une ouverture haute, un ph\u00e9nom\u00e8ne de tirage va se mettre en place. Le mieux est de le faire la nuit ou t\u00f4t le matin.<\/li>\n<\/ul>\n\n\n\n<ul class=\"wp-block-list\">\n<li><strong>tirer parti des vents dominants et des brises thermiques<\/strong> pour rafraichir ta maison, cela s&rsquo;anticipe d\u00e8s la conception (forme et position de la maison dans son environnement)<\/li>\n<\/ul>\n\n\n\n<h2 class=\"wp-block-heading\">Confort d&rsquo;\u00e9t\u00e9 et conception bioclimatique<\/h2>\n\n\n<div class=\"wp-block-image\">\n<figure class=\"aligncenter size-full is-resized\"><img loading=\"lazy\" decoding=\"async\" src=\"https:\/\/fr.twiza.org\/portail\/wp-content\/uploads\/2023\/01\/Article-comment-optimiser-son-confort-ete-conception-bioclimatique-actions-rafraichissement-1-1024px.jpg\" alt=\"Sch\u00e9ma de diff\u00e9rentes actions permettant d'optimiser la rafra\u00eechissement de sa maison l'\u00e9t\u00e9 \" class=\"wp-image-7807\" width=\"512\" height=\"129\" srcset=\"https:\/\/fr.twiza.org\/portail\/wp-content\/uploads\/2023\/01\/Article-comment-optimiser-son-confort-ete-conception-bioclimatique-actions-rafraichissement-1-1024px.jpg 1024w, https:\/\/fr.twiza.org\/portail\/wp-content\/uploads\/2023\/01\/Article-comment-optimiser-son-confort-ete-conception-bioclimatique-actions-rafraichissement-1-1024px-600x151.jpg 600w, https:\/\/fr.twiza.org\/portail\/wp-content\/uploads\/2023\/01\/Article-comment-optimiser-son-confort-ete-conception-bioclimatique-actions-rafraichissement-1-1024px-300x75.jpg 300w, https:\/\/fr.twiza.org\/portail\/wp-content\/uploads\/2023\/01\/Article-comment-optimiser-son-confort-ete-conception-bioclimatique-actions-rafraichissement-1-1024px-768x193.jpg 768w\" sizes=\"(max-width: 512px) 100vw, 512px\" \/><figcaption class=\"wp-element-caption\">Actions de rafra\u00eechissement, Source : Harvard University Dept. of Landscape Architecture + Ti&rsquo;Cad<\/figcaption><\/figure>\n<\/div>\n\n\n<div style=\"height:25px\" aria-hidden=\"true\" class=\"wp-block-spacer\"><\/div>\n\n\n\n<p>Si tu as la chance de concevoir ta maison de A \u00e0 Z ou de te lancer dans une r\u00e9novation globale, la <strong>conception bioclimatique<\/strong> sera ton meilleur alli\u00e9 pour concevoir un espace agr\u00e9able toute l&rsquo;ann\u00e9e.<\/p>\n\n\n\n<p>Cette approche vise \u00e0 tirer parti de l&rsquo;environnement imm\u00e9diat : <strong>topographie<\/strong>, <strong>course du soleil<\/strong>, <strong>vents<\/strong> <strong>dominants<\/strong>&#8230; Tout y passe ! <\/p>\n\n\n\n<p>Voici quelques points particuli\u00e8rement importants pour assurer un bon confort d&rsquo;\u00e9t\u00e9 d\u00e8s la phase <strong>conception<\/strong> :<\/p>\n\n\n\n<ul class=\"wp-block-list\">\n<li><strong>l&#8217;emplacement et la dimension des fen\u00eatres<\/strong> : selon leur orientation, elles recevront le soleil \u00e0 diff\u00e9rents moments de la journ\u00e9e, selon diff\u00e9rentes inclinaisons. Il est particuli\u00e8rement important de prot\u00e9ger les ouvertures Sud et Ouest, qui captent le soleil le midi et le soir. Au Sud, un d\u00e9bord de toit ou une pergola seront tr\u00e8s efficaces. A l&rsquo;Est ou \u00e0 l&rsquo;Ouest, le soleil est plus rasant, des volets ou des brise-soleil seront plus appropri\u00e9s.<\/li>\n<\/ul>\n\n\n\n<ul class=\"wp-block-list\">\n<li><strong>la disposition des pi\u00e8ces et des volumes<\/strong> : les pi\u00e8ces traversantes b\u00e9n\u00e9ficient d&rsquo;une double exposition. Le diff\u00e9rentiel de temp\u00e9rature entre les deux fa\u00e7ades permet de cr\u00e9er des courants d&rsquo;air en \u00e9t\u00e9.<\/li>\n<\/ul>\n\n\n\n<ul class=\"wp-block-list\">\n<li><strong>le choix de dispositifs adapt\u00e9s<\/strong> : peu employ\u00e9s en France, les tours \u00e0 vents et les chemin\u00e9es solaires permettent d&rsquo;acc\u00e9l\u00e9rer les courants d&rsquo;air et de cr\u00e9er un tirage thermique. Les puits canadiens ou proven\u00e7aux peuvent \u00e9galement \u00eatre des dispositifs int\u00e9ressants. Ils utilisent la temp\u00e9rature du sol, relativement constante, pour rafra\u00eechir la maison. De tels syst\u00e8mes ont de lourds impacts sur les projets, s&rsquo;ils t&rsquo;int\u00e9ressent tu dois donc les int\u00e9grer au plus t\u00f4t dans la conception de ta maison.<\/li>\n<\/ul>\n\n\n\n<div style=\"height:25px\" aria-hidden=\"true\" class=\"wp-block-spacer\"><\/div>\n\n\n<div class=\"wp-block-image\">\n<figure class=\"aligncenter size-full is-resized\"><img loading=\"lazy\" decoding=\"async\" src=\"https:\/\/fr.twiza.org\/portail\/wp-content\/uploads\/2023\/03\/Article-comment-optimiser-son-confort-ete-puits-climatiques-1024px.jpg\" alt=\"Sch\u00e9ma explicatif dus puits climatiques\" class=\"wp-image-8405\" width=\"768\" height=\"484\" srcset=\"https:\/\/fr.twiza.org\/portail\/wp-content\/uploads\/2023\/03\/Article-comment-optimiser-son-confort-ete-puits-climatiques-1024px.jpg 1024w, https:\/\/fr.twiza.org\/portail\/wp-content\/uploads\/2023\/03\/Article-comment-optimiser-son-confort-ete-puits-climatiques-1024px-600x378.jpg 600w, https:\/\/fr.twiza.org\/portail\/wp-content\/uploads\/2023\/03\/Article-comment-optimiser-son-confort-ete-puits-climatiques-1024px-300x189.jpg 300w, https:\/\/fr.twiza.org\/portail\/wp-content\/uploads\/2023\/03\/Article-comment-optimiser-son-confort-ete-puits-climatiques-1024px-768x484.jpg 768w\" sizes=\"(max-width: 768px) 100vw, 768px\" \/><figcaption class=\"wp-element-caption\">Puits climatiques, Source : ADEME<\/figcaption><\/figure>\n<\/div>\n\n\n<h2 class=\"wp-block-heading\">Des mat\u00e9riaux indispensables !<\/h2>\n\n\n\n<p>Le choix des mat\u00e9riaux utilis\u00e9s a un fort impact sur le confort d&rsquo;\u00e9t\u00e9. Voici quelques caract\u00e9ristiques auxquelles tu dois pr\u00eater attention :<\/p>\n\n\n\n<h3 class=\"wp-block-heading\">Le d\u00e9phasage<\/h3>\n\n\n\n<p>Le d\u00e9phasage est tr\u00e8s important dans le choix d&rsquo;un isolant. Il permet de retarder le transfert de chaleur. <\/p>\n\n\n\n<p>Quelques bons \u00e9l\u00e8ves : le <strong>chanvre paysan<\/strong>, la <strong>fibre de bois haute intensit\u00e9<\/strong>, la <strong>ouate de cellulose<\/strong>.<\/p>\n\n\n\n<p>Un mauvais \u00e9l\u00e8ve : la laine de verre, elle n&rsquo;est pas efficace pour pr\u00e9server la fra\u00eecheur d&rsquo;\u00e9t\u00e9.<\/p>\n\n\n\n<h3 class=\"wp-block-heading\">L&rsquo;amortissement de l&rsquo;onde de chaleur<\/h3>\n\n\n\n<p>Encore une fois important dans le choix d&rsquo;un isolant. Il s&rsquo;agit de la capacit\u00e9 de l&rsquo;isolant \u00e0 laisser passer moins de chaleur qu&rsquo;il n&rsquo;en re\u00e7oit.<\/p>\n\n\n\n<p>Quelques bons \u00e9l\u00e8ves : le <strong>chanvre paysan<\/strong>, la <strong>fibre de bois haute densit\u00e9<\/strong>, la <strong>ouate de cellulose<\/strong>.<\/p>\n\n\n\n<h3 class=\"wp-block-heading\">L&rsquo;inertie<\/h3>\n\n\n\n<p>C&rsquo;est la capacit\u00e9 d&rsquo;un mat\u00e9riau \u00e0 stocker la chaleur (pendant la journ\u00e9e) pour la restituer plus tard (pendant la nuit).<\/p>\n\n\n\n<p>Elle permet par exemple de diff\u00e9rer le pic de chaleur afin qu&rsquo;il ait lieu la nuit o\u00f9 il fait moins chaud. Il suffit alors d&rsquo;ouvrir les fen\u00eatres pour laisser s&rsquo;\u00e9chapper la chaleur.<\/p>\n\n\n\n<p>Quelques bon \u00e9l\u00e8ves : la <strong>terre crue<\/strong>, la <strong>pierre<\/strong>.<\/p>\n\n\n\n<div style=\"height:25px\" aria-hidden=\"true\" class=\"wp-block-spacer\"><\/div>\n\n\n<div class=\"wp-block-image\">\n<figure class=\"aligncenter size-full is-resized\"><img loading=\"lazy\" decoding=\"async\" src=\"https:\/\/fr.twiza.org\/portail\/wp-content\/uploads\/2023\/03\/Article-comment-optimiser-son-confort-ete-effet-inertie-thermique-1024px.jpg\" alt=\"Sch\u00e9ma explicatif de l'effet d'inertie thermique\" class=\"wp-image-8409\" width=\"768\" height=\"247\" srcset=\"https:\/\/fr.twiza.org\/portail\/wp-content\/uploads\/2023\/03\/Article-comment-optimiser-son-confort-ete-effet-inertie-thermique-1024px.jpg 1024w, https:\/\/fr.twiza.org\/portail\/wp-content\/uploads\/2023\/03\/Article-comment-optimiser-son-confort-ete-effet-inertie-thermique-1024px-600x193.jpg 600w, https:\/\/fr.twiza.org\/portail\/wp-content\/uploads\/2023\/03\/Article-comment-optimiser-son-confort-ete-effet-inertie-thermique-1024px-300x96.jpg 300w, https:\/\/fr.twiza.org\/portail\/wp-content\/uploads\/2023\/03\/Article-comment-optimiser-son-confort-ete-effet-inertie-thermique-1024px-768x247.jpg 768w\" sizes=\"(max-width: 768px) 100vw, 768px\" \/><figcaption class=\"wp-element-caption\">Effet inertie thermique, Source : Ti&rsquo;CAD<\/figcaption><\/figure>\n<\/div>\n\n\n<h2 class=\"wp-block-heading\">Allier l&rsquo;utile \u00e0 l&rsquo;agr\u00e9able&#8230;<\/h2>\n\n\n\n<p>Nous l&rsquo;avons \u00e9voqu\u00e9 plus t\u00f4t, l&rsquo;<strong>am\u00e9nagement<\/strong> <strong>du<\/strong> <strong>jardin<\/strong> peut favoriser le <strong>confort d&rsquo;\u00e9t\u00e9<\/strong> et cr\u00e9er des synergies positives avec la maison.<\/p>\n\n\n\n<p>Les <strong>plantes<\/strong> et les <strong>arbres<\/strong> sont un outil de conception bioclimatique int\u00e9ressant car ils permettent de cr\u00e9er des <strong>microclimats<\/strong>. L&rsquo;ombre qu&rsquo;ils projettent prot\u00e8ge les fa\u00e7ades, terrasses et ouvertures du rayonnement solaire direct tout en laissant passer la lumi\u00e8re naturelle.<\/p>\n\n\n\n<p>Par la photosynth\u00e8se les plantes captent une partie du rayonnement solaire et l&rsquo;utilisent pour grandir. <\/p>\n\n\n\n<p>Pour finir, les plantes d\u00e9gagent de l&rsquo;eau par \u00e9vapotranspiration, ce qui contribue \u00e0 rafra\u00eechir l&rsquo;air.<\/p>\n\n\n\n<div style=\"height:25px\" aria-hidden=\"true\" class=\"wp-block-spacer\"><\/div>\n\n\n<div class=\"wp-block-image\">\n<figure class=\"aligncenter size-full is-resized\"><img loading=\"lazy\" decoding=\"async\" src=\"https:\/\/fr.twiza.org\/portail\/wp-content\/uploads\/2023\/04\/Article-comment-optimiser-son-confort-ete-effet-microclimatique-arbre-1024px.jpg\" alt=\"\" class=\"wp-image-8529\" width=\"768\" height=\"660\" srcset=\"https:\/\/fr.twiza.org\/portail\/wp-content\/uploads\/2023\/04\/Article-comment-optimiser-son-confort-ete-effet-microclimatique-arbre-1024px.jpg 1024w, https:\/\/fr.twiza.org\/portail\/wp-content\/uploads\/2023\/04\/Article-comment-optimiser-son-confort-ete-effet-microclimatique-arbre-1024px-600x516.jpg 600w, https:\/\/fr.twiza.org\/portail\/wp-content\/uploads\/2023\/04\/Article-comment-optimiser-son-confort-ete-effet-microclimatique-arbre-1024px-300x258.jpg 300w, https:\/\/fr.twiza.org\/portail\/wp-content\/uploads\/2023\/04\/Article-comment-optimiser-son-confort-ete-effet-microclimatique-arbre-1024px-768x660.jpg 768w\" sizes=\"(max-width: 768px) 100vw, 768px\" \/><figcaption class=\"wp-element-caption\">Effet microclimatique arbre, Source : APUR<\/figcaption><\/figure>\n<\/div>\n\n\n<p>D&rsquo;autres \u00e9l\u00e9ments peuvent servir \u00e0 la fois d&rsquo;agr\u00e9ment et de protection solaire : une <strong>pergola support<\/strong> de <strong>raisin<\/strong> ou de <strong>kiwis<\/strong>, des <strong>rideaux de plantes grimpantes<\/strong> devant les fen\u00eatres etc.<\/p>\n\n\n\n<p>Nous te conseillons bien s\u00fbr de privil\u00e9gier les <strong>plantes caduques<\/strong> afin de b\u00e9n\u00e9ficier des apports solaires en hiver.<\/p>\n\n\n\n<p>Enfin, les <strong>jardins d&rsquo;eau<\/strong> et les <strong>mares<\/strong> sont \u00e9galement int\u00e9ressants. Ils cr\u00e9ent des points frais localis\u00e9s gr\u00e2ce \u00e0 l&rsquo;\u00e9vapotranspiration et favorisent l&rsquo;apparition des courants d&rsquo;air.<\/p>\n\n\n\n<h2 class=\"wp-block-heading\">Sources :<\/h2>\n\n\n\n<ul class=\"wp-block-list\">\n<li>Spirn, AW ; Santos, A N; Johnson, D A; Harder, L B; M W. Plants for passive cooling. <em>A preliminary investigation of the use of plants for passive cooling in temperate humid climates<\/em>. Harvard University Dept. of Landscape Architecture, USA, 1981.<\/li>\n<\/ul>\n\n\n\n<ul class=\"wp-block-list\">\n<li>Guide EnR, Haute Qualit\u00e9 Environnementale. Risques majeurs li\u00e9s \u00e0 l&rsquo;isolation par l&rsquo;int\u00e9rieur : <a href=\"http:\/\/www.hqe.guidenr.fr\/cible-2-hqe\/diminution-inertie-thermique-risque-surchauffe.php\" target=\"_blank\" rel=\"noreferrer noopener\"><em>Diminution de l&rsquo;inertie thermique et risque des surchauffe<\/em><\/a><\/li>\n<\/ul>\n\n\n\n<ul class=\"wp-block-list\">\n<li>APUR. <em>Cahier #5 : M\u00e9thodes et outils de conception des projets<\/em>. \u00ab\u00a0Att\u00e9nuer les \u00eelots de chaleur urbains\u00a0\u00bb. Mars 2020.<\/li>\n<\/ul>\n\n\n\n<ul class=\"wp-block-list\">\n<li>Ti&rsquo;CAD. <a href=\"https:\/\/ticad.fr\/maisons-bioclimatique-passive-bbc\/\" target=\"_blank\" rel=\"noreferrer noopener\"><em>Maison bioclimatique, passive ou BBC : qu&rsquo;est-ce que c&rsquo;est ?<\/em><\/a><\/li>\n<\/ul>\n\n\n\n<ul class=\"wp-block-list\">\n<li>Jean-Pierre Olivia, samuel Courgey. <em>La Conception bioclimatique des maisons confortables et \u00e9conomes<\/em>. Editions Terre Vivante, 2006.<\/li>\n<\/ul>\n","protected":false},"excerpt":{"rendered":"<p>Les \u00e9pisodes de canicules sont de plus en plus nombreux au fil des ann\u00e9es et nos logements semblent peu adapt\u00e9s \u00e0 g\u00e9rer ces surchauffes. Comment faire face aux vagues de chaleurs et b\u00e9n\u00e9ficier d&rsquo;un habitat confortable en \u00e9t\u00e9 ? Petits gestes, grandes strat\u00e9gies et mat\u00e9riaux indispensables, voici quelques conseils pour [&hellip;]<\/p>\n","protected":false},"author":18,"featured_media":0,"comment_status":"closed","ping_status":"closed","sticky":false,"template":"","format":"standard","meta":{"_eb_attr":"","_themeisle_gutenberg_block_has_review":false,"_jetpack_memberships_contains_paid_content":false,"footnotes":""},"categories":[13,21],"tags":[],"class_list":["post-7797","post","type-post","status-publish","format-standard","hentry","category-ecoconstruction","category-performance-energetique"],"yoast_head":"<!-- This site is optimized with the Yoast SEO Premium plugin v27.2 (Yoast SEO v27.5) - https:\/\/yoast.com\/product\/yoast-seo-premium-wordpress\/ -->\n<title>Comment optimiser le confort d&#039;\u00e9t\u00e9 de sa maison ?<\/title>\n<meta name=\"description\" content=\"Comment faire pour optimiser le confort de son habitat l&#039;\u00e9t\u00e9 et conserver de la fra\u00eecheur face aux vagues de chaleur ?\" \/>\n<meta name=\"robots\" content=\"index, follow, max-snippet:-1, max-image-preview:large, max-video-preview:-1\" \/>\n<link rel=\"canonical\" href=\"https:\/\/fr.twiza.org\/portail\/comment-optimiser-le-confort-dete-de-sa-maison\/\" \/>\n<meta property=\"og:locale\" content=\"fr_FR\" \/>\n<meta property=\"og:type\" content=\"article\" \/>\n<meta property=\"og:title\" content=\"Comment optimiser le confort d&#039;\u00e9t\u00e9 de sa maison ?\" \/>\n<meta property=\"og:description\" content=\"Comment faire pour optimiser le confort de son habitat l&#039;\u00e9t\u00e9 et conserver de la fra\u00eecheur face aux vagues de chaleur ?\" \/>\n<meta property=\"og:url\" content=\"https:\/\/fr.twiza.org\/portail\/comment-optimiser-le-confort-dete-de-sa-maison\/\" \/>\n<meta property=\"og:site_name\" content=\"R\u00e9seau Twiza\" \/>\n<meta property=\"article:publisher\" content=\"https:\/\/fr-fr.facebook.com\/Twiza.fr\/\" \/>\n<meta property=\"article:published_time\" content=\"2023-04-20T13:16:05+00:00\" \/>\n<meta property=\"article:modified_time\" content=\"2023-04-24T09:35:18+00:00\" \/>\n<meta property=\"og:image\" content=\"https:\/\/fr.twiza.org\/portail\/wp-content\/uploads\/2023\/04\/Article-comment-optimiser-son-confort-ete-1-1024px-1.jpeg\" \/>\n<meta name=\"author\" content=\"Audrey Chauvir\u00e9\" \/>\n<meta name=\"twitter:card\" content=\"summary_large_image\" \/>\n<script type=\"application\/ld+json\" class=\"yoast-schema-graph\">{\"@context\":\"https:\\\/\\\/schema.org\",\"@graph\":[{\"@type\":\"Article\",\"@id\":\"https:\\\/\\\/fr.twiza.org\\\/portail\\\/comment-optimiser-le-confort-dete-de-sa-maison\\\/#article\",\"isPartOf\":{\"@id\":\"https:\\\/\\\/fr.twiza.org\\\/portail\\\/comment-optimiser-le-confort-dete-de-sa-maison\\\/\"},\"author\":{\"name\":\"Audrey Chauvir\u00e9\",\"@id\":\"https:\\\/\\\/fr.twiza.org\\\/portail\\\/#\\\/schema\\\/person\\\/f6479ae66808f9fcba8ce0b006a60fb6\"},\"headline\":\"Comment optimiser le confort d&rsquo;\u00e9t\u00e9 de sa maison ?\",\"datePublished\":\"2023-04-20T13:16:05+00:00\",\"dateModified\":\"2023-04-24T09:35:18+00:00\",\"mainEntityOfPage\":{\"@id\":\"https:\\\/\\\/fr.twiza.org\\\/portail\\\/comment-optimiser-le-confort-dete-de-sa-maison\\\/\"},\"wordCount\":1440,\"publisher\":{\"@id\":\"https:\\\/\\\/fr.twiza.org\\\/portail\\\/#organization\"},\"image\":{\"@id\":\"https:\\\/\\\/fr.twiza.org\\\/portail\\\/comment-optimiser-le-confort-dete-de-sa-maison\\\/#primaryimage\"},\"thumbnailUrl\":\"https:\\\/\\\/fr.twiza.org\\\/portail\\\/wp-content\\\/uploads\\\/2023\\\/04\\\/Article-comment-optimiser-son-confort-ete-1-1024px-1.jpeg\",\"articleSection\":[\"Ecoconstruction\",\"Performance \u00e9nerg\u00e9tique\"],\"inLanguage\":\"fr-FR\"},{\"@type\":\"WebPage\",\"@id\":\"https:\\\/\\\/fr.twiza.org\\\/portail\\\/comment-optimiser-le-confort-dete-de-sa-maison\\\/\",\"url\":\"https:\\\/\\\/fr.twiza.org\\\/portail\\\/comment-optimiser-le-confort-dete-de-sa-maison\\\/\",\"name\":\"Comment optimiser le confort d'\u00e9t\u00e9 de sa maison ?\",\"isPartOf\":{\"@id\":\"https:\\\/\\\/fr.twiza.org\\\/portail\\\/#website\"},\"primaryImageOfPage\":{\"@id\":\"https:\\\/\\\/fr.twiza.org\\\/portail\\\/comment-optimiser-le-confort-dete-de-sa-maison\\\/#primaryimage\"},\"image\":{\"@id\":\"https:\\\/\\\/fr.twiza.org\\\/portail\\\/comment-optimiser-le-confort-dete-de-sa-maison\\\/#primaryimage\"},\"thumbnailUrl\":\"https:\\\/\\\/fr.twiza.org\\\/portail\\\/wp-content\\\/uploads\\\/2023\\\/04\\\/Article-comment-optimiser-son-confort-ete-1-1024px-1.jpeg\",\"datePublished\":\"2023-04-20T13:16:05+00:00\",\"dateModified\":\"2023-04-24T09:35:18+00:00\",\"description\":\"Comment faire pour optimiser le confort de son habitat l'\u00e9t\u00e9 et conserver de la fra\u00eecheur face aux vagues de chaleur ?\",\"breadcrumb\":{\"@id\":\"https:\\\/\\\/fr.twiza.org\\\/portail\\\/comment-optimiser-le-confort-dete-de-sa-maison\\\/#breadcrumb\"},\"inLanguage\":\"fr-FR\",\"potentialAction\":[{\"@type\":\"ReadAction\",\"target\":[\"https:\\\/\\\/fr.twiza.org\\\/portail\\\/comment-optimiser-le-confort-dete-de-sa-maison\\\/\"]}]},{\"@type\":\"ImageObject\",\"inLanguage\":\"fr-FR\",\"@id\":\"https:\\\/\\\/fr.twiza.org\\\/portail\\\/comment-optimiser-le-confort-dete-de-sa-maison\\\/#primaryimage\",\"url\":\"https:\\\/\\\/fr.twiza.org\\\/portail\\\/wp-content\\\/uploads\\\/2023\\\/04\\\/Article-comment-optimiser-son-confort-ete-1-1024px-1.jpeg\",\"contentUrl\":\"https:\\\/\\\/fr.twiza.org\\\/portail\\\/wp-content\\\/uploads\\\/2023\\\/04\\\/Article-comment-optimiser-son-confort-ete-1-1024px-1.jpeg\",\"width\":1024,\"height\":683},{\"@type\":\"BreadcrumbList\",\"@id\":\"https:\\\/\\\/fr.twiza.org\\\/portail\\\/comment-optimiser-le-confort-dete-de-sa-maison\\\/#breadcrumb\",\"itemListElement\":[{\"@type\":\"ListItem\",\"position\":1,\"name\":\"Accueil\",\"item\":\"https:\\\/\\\/fr.twiza.org\\\/portail\\\/\"},{\"@type\":\"ListItem\",\"position\":2,\"name\":\"Comment optimiser le confort d&#8217;\u00e9t\u00e9 de sa maison ?\"}]},{\"@type\":\"WebSite\",\"@id\":\"https:\\\/\\\/fr.twiza.org\\\/portail\\\/#website\",\"url\":\"https:\\\/\\\/fr.twiza.org\\\/portail\\\/\",\"name\":\"R\u00e9seau Twiza\",\"description\":\"Entraide pour un habitat \u00e9cologique, convivial et r\u00e9silient\",\"publisher\":{\"@id\":\"https:\\\/\\\/fr.twiza.org\\\/portail\\\/#organization\"},\"potentialAction\":[{\"@type\":\"SearchAction\",\"target\":{\"@type\":\"EntryPoint\",\"urlTemplate\":\"https:\\\/\\\/fr.twiza.org\\\/portail\\\/?s={search_term_string}\"},\"query-input\":{\"@type\":\"PropertyValueSpecification\",\"valueRequired\":true,\"valueName\":\"search_term_string\"}}],\"inLanguage\":\"fr-FR\"},{\"@type\":\"Organization\",\"@id\":\"https:\\\/\\\/fr.twiza.org\\\/portail\\\/#organization\",\"name\":\"R\u00e9seau Twiza\",\"url\":\"https:\\\/\\\/fr.twiza.org\\\/portail\\\/\",\"logo\":{\"@type\":\"ImageObject\",\"inLanguage\":\"fr-FR\",\"@id\":\"https:\\\/\\\/fr.twiza.org\\\/portail\\\/#\\\/schema\\\/logo\\\/image\\\/\",\"url\":\"https:\\\/\\\/fr.twiza.org\\\/portail\\\/wp-content\\\/uploads\\\/2021\\\/05\\\/cropped-logo-reseau-twiza.jpg\",\"contentUrl\":\"https:\\\/\\\/fr.twiza.org\\\/portail\\\/wp-content\\\/uploads\\\/2021\\\/05\\\/cropped-logo-reseau-twiza.jpg\",\"width\":400,\"height\":102,\"caption\":\"R\u00e9seau Twiza\"},\"image\":{\"@id\":\"https:\\\/\\\/fr.twiza.org\\\/portail\\\/#\\\/schema\\\/logo\\\/image\\\/\"},\"sameAs\":[\"https:\\\/\\\/fr-fr.facebook.com\\\/Twiza.fr\\\/\",\"https:\\\/\\\/www.instagram.com\\\/twiza_fr\\\/\",\"https:\\\/\\\/www.linkedin.com\\\/company\\\/reseautwiza\\\/\"]},{\"@type\":\"Person\",\"@id\":\"https:\\\/\\\/fr.twiza.org\\\/portail\\\/#\\\/schema\\\/person\\\/f6479ae66808f9fcba8ce0b006a60fb6\",\"name\":\"Audrey Chauvir\u00e9\",\"image\":{\"@type\":\"ImageObject\",\"inLanguage\":\"fr-FR\",\"@id\":\"https:\\\/\\\/secure.gravatar.com\\\/avatar\\\/ccbfc30065ffedab003b329d4e442dae5f76674d7e09444e2e25b40fe1d52cb7?s=96&d=mm&r=g\",\"url\":\"https:\\\/\\\/secure.gravatar.com\\\/avatar\\\/ccbfc30065ffedab003b329d4e442dae5f76674d7e09444e2e25b40fe1d52cb7?s=96&d=mm&r=g\",\"contentUrl\":\"https:\\\/\\\/secure.gravatar.com\\\/avatar\\\/ccbfc30065ffedab003b329d4e442dae5f76674d7e09444e2e25b40fe1d52cb7?s=96&d=mm&r=g\",\"caption\":\"Audrey Chauvir\u00e9\"},\"description\":\"Je me suis form\u00e9e \u00e0 l'architecture \u00e0 Nantes, j'ai ensuite travaill\u00e9 dans plusieurs agences, sur des projets vari\u00e9s (logements, bureaux, \u00e9coles, h\u00f4pitaux\u2026) en neuf et en r\u00e9novation. Sensibilis\u00e9e aux enjeux \u00e9cologiques depuis mon enfance, j'ai assez vite ressenti un manque dans ma pratique. J'avais le sentiment que les projets sur lesquels je travaillais n'\u00e9taient pas suffisamment ambitieux sur les plans \u00e9nerg\u00e9tiques et climatiques. J'ai pris le parti de me former sur les sujets qui me tiennent \u00e0 c\u0153ur, en particulier le r\u00e9emploi, les mat\u00e9riaux biosourc\u00e9s, la r\u00e9novation et les \u00e9nergies renouvelables. C'est dans ce cadre que j'ai d\u00e9couvert Twiza, en tant que b\u00e9n\u00e9vole sur les chantiers participatifs, une exp\u00e9rience qui m'a ouvert de nouveaux horizons ! En 2022, j'ai cr\u00e9\u00e9 l'atelier Ti\u2019CAD afin de mettre en coh\u00e9rence ma pratique en tant qu\u2019architecte et mon engagement \u00e9cologique. Atelier d\u2019architecture bioclimatique et durable, Ti'CAD a pour vocation d'accompagner les particuliers et les professionnels dans la conception de lieux \u00e9coresponsables et adapt\u00e9s \u00e0 leurs besoins. L\u2019objectif est double : r\u00e9duire l\u2019impact \u00e9nerg\u00e9tique et am\u00e9liorer le confort ! Pour cela, je vous accompagne dans la cr\u00e9ation et la r\u00e9novation de votre lieu de vie. A l\u2019\u00e9coute de vos envies, je mets \u00e0 disposition mes connaissances (bioclimatisme, mat\u00e9riaux biosourc\u00e9s, b\u00e2ti ancien...) et je vous aide \u00e0 imaginer l\u2019architecture qui vous ressemble !\",\"sameAs\":[\"https:\\\/\\\/ticad.twiza.org\\\/\"],\"url\":\"https:\\\/\\\/fr.twiza.org\\\/portail\\\/author\\\/audrey_chauvire\\\/\"}]}<\/script>\n<!-- \/ Yoast SEO Premium plugin. -->","yoast_head_json":{"title":"Comment optimiser le confort d'\u00e9t\u00e9 de sa maison ?","description":"Comment faire pour optimiser le confort de son habitat l'\u00e9t\u00e9 et conserver de la fra\u00eecheur face aux vagues de chaleur ?","robots":{"index":"index","follow":"follow","max-snippet":"max-snippet:-1","max-image-preview":"max-image-preview:large","max-video-preview":"max-video-preview:-1"},"canonical":"https:\/\/fr.twiza.org\/portail\/comment-optimiser-le-confort-dete-de-sa-maison\/","og_locale":"fr_FR","og_type":"article","og_title":"Comment optimiser le confort d'\u00e9t\u00e9 de sa maison ?","og_description":"Comment faire pour optimiser le confort de son habitat l'\u00e9t\u00e9 et conserver de la fra\u00eecheur face aux vagues de chaleur ?","og_url":"https:\/\/fr.twiza.org\/portail\/comment-optimiser-le-confort-dete-de-sa-maison\/","og_site_name":"R\u00e9seau Twiza","article_publisher":"https:\/\/fr-fr.facebook.com\/Twiza.fr\/","article_published_time":"2023-04-20T13:16:05+00:00","article_modified_time":"2023-04-24T09:35:18+00:00","og_image":[{"url":"https:\/\/fr.twiza.org\/portail\/wp-content\/uploads\/2023\/04\/Article-comment-optimiser-son-confort-ete-1-1024px-1.jpeg","type":"","width":"","height":""}],"author":"Audrey Chauvir\u00e9","twitter_card":"summary_large_image","schema":{"@context":"https:\/\/schema.org","@graph":[{"@type":"Article","@id":"https:\/\/fr.twiza.org\/portail\/comment-optimiser-le-confort-dete-de-sa-maison\/#article","isPartOf":{"@id":"https:\/\/fr.twiza.org\/portail\/comment-optimiser-le-confort-dete-de-sa-maison\/"},"author":{"name":"Audrey Chauvir\u00e9","@id":"https:\/\/fr.twiza.org\/portail\/#\/schema\/person\/f6479ae66808f9fcba8ce0b006a60fb6"},"headline":"Comment optimiser le confort d&rsquo;\u00e9t\u00e9 de sa maison ?","datePublished":"2023-04-20T13:16:05+00:00","dateModified":"2023-04-24T09:35:18+00:00","mainEntityOfPage":{"@id":"https:\/\/fr.twiza.org\/portail\/comment-optimiser-le-confort-dete-de-sa-maison\/"},"wordCount":1440,"publisher":{"@id":"https:\/\/fr.twiza.org\/portail\/#organization"},"image":{"@id":"https:\/\/fr.twiza.org\/portail\/comment-optimiser-le-confort-dete-de-sa-maison\/#primaryimage"},"thumbnailUrl":"https:\/\/fr.twiza.org\/portail\/wp-content\/uploads\/2023\/04\/Article-comment-optimiser-son-confort-ete-1-1024px-1.jpeg","articleSection":["Ecoconstruction","Performance \u00e9nerg\u00e9tique"],"inLanguage":"fr-FR"},{"@type":"WebPage","@id":"https:\/\/fr.twiza.org\/portail\/comment-optimiser-le-confort-dete-de-sa-maison\/","url":"https:\/\/fr.twiza.org\/portail\/comment-optimiser-le-confort-dete-de-sa-maison\/","name":"Comment optimiser le confort d'\u00e9t\u00e9 de sa maison ?","isPartOf":{"@id":"https:\/\/fr.twiza.org\/portail\/#website"},"primaryImageOfPage":{"@id":"https:\/\/fr.twiza.org\/portail\/comment-optimiser-le-confort-dete-de-sa-maison\/#primaryimage"},"image":{"@id":"https:\/\/fr.twiza.org\/portail\/comment-optimiser-le-confort-dete-de-sa-maison\/#primaryimage"},"thumbnailUrl":"https:\/\/fr.twiza.org\/portail\/wp-content\/uploads\/2023\/04\/Article-comment-optimiser-son-confort-ete-1-1024px-1.jpeg","datePublished":"2023-04-20T13:16:05+00:00","dateModified":"2023-04-24T09:35:18+00:00","description":"Comment faire pour optimiser le confort de son habitat l'\u00e9t\u00e9 et conserver de la fra\u00eecheur face aux vagues de chaleur ?","breadcrumb":{"@id":"https:\/\/fr.twiza.org\/portail\/comment-optimiser-le-confort-dete-de-sa-maison\/#breadcrumb"},"inLanguage":"fr-FR","potentialAction":[{"@type":"ReadAction","target":["https:\/\/fr.twiza.org\/portail\/comment-optimiser-le-confort-dete-de-sa-maison\/"]}]},{"@type":"ImageObject","inLanguage":"fr-FR","@id":"https:\/\/fr.twiza.org\/portail\/comment-optimiser-le-confort-dete-de-sa-maison\/#primaryimage","url":"https:\/\/fr.twiza.org\/portail\/wp-content\/uploads\/2023\/04\/Article-comment-optimiser-son-confort-ete-1-1024px-1.jpeg","contentUrl":"https:\/\/fr.twiza.org\/portail\/wp-content\/uploads\/2023\/04\/Article-comment-optimiser-son-confort-ete-1-1024px-1.jpeg","width":1024,"height":683},{"@type":"BreadcrumbList","@id":"https:\/\/fr.twiza.org\/portail\/comment-optimiser-le-confort-dete-de-sa-maison\/#breadcrumb","itemListElement":[{"@type":"ListItem","position":1,"name":"Accueil","item":"https:\/\/fr.twiza.org\/portail\/"},{"@type":"ListItem","position":2,"name":"Comment optimiser le confort d&#8217;\u00e9t\u00e9 de sa maison ?"}]},{"@type":"WebSite","@id":"https:\/\/fr.twiza.org\/portail\/#website","url":"https:\/\/fr.twiza.org\/portail\/","name":"R\u00e9seau Twiza","description":"Entraide pour un habitat \u00e9cologique, convivial et r\u00e9silient","publisher":{"@id":"https:\/\/fr.twiza.org\/portail\/#organization"},"potentialAction":[{"@type":"SearchAction","target":{"@type":"EntryPoint","urlTemplate":"https:\/\/fr.twiza.org\/portail\/?s={search_term_string}"},"query-input":{"@type":"PropertyValueSpecification","valueRequired":true,"valueName":"search_term_string"}}],"inLanguage":"fr-FR"},{"@type":"Organization","@id":"https:\/\/fr.twiza.org\/portail\/#organization","name":"R\u00e9seau Twiza","url":"https:\/\/fr.twiza.org\/portail\/","logo":{"@type":"ImageObject","inLanguage":"fr-FR","@id":"https:\/\/fr.twiza.org\/portail\/#\/schema\/logo\/image\/","url":"https:\/\/fr.twiza.org\/portail\/wp-content\/uploads\/2021\/05\/cropped-logo-reseau-twiza.jpg","contentUrl":"https:\/\/fr.twiza.org\/portail\/wp-content\/uploads\/2021\/05\/cropped-logo-reseau-twiza.jpg","width":400,"height":102,"caption":"R\u00e9seau Twiza"},"image":{"@id":"https:\/\/fr.twiza.org\/portail\/#\/schema\/logo\/image\/"},"sameAs":["https:\/\/fr-fr.facebook.com\/Twiza.fr\/","https:\/\/www.instagram.com\/twiza_fr\/","https:\/\/www.linkedin.com\/company\/reseautwiza\/"]},{"@type":"Person","@id":"https:\/\/fr.twiza.org\/portail\/#\/schema\/person\/f6479ae66808f9fcba8ce0b006a60fb6","name":"Audrey Chauvir\u00e9","image":{"@type":"ImageObject","inLanguage":"fr-FR","@id":"https:\/\/secure.gravatar.com\/avatar\/ccbfc30065ffedab003b329d4e442dae5f76674d7e09444e2e25b40fe1d52cb7?s=96&d=mm&r=g","url":"https:\/\/secure.gravatar.com\/avatar\/ccbfc30065ffedab003b329d4e442dae5f76674d7e09444e2e25b40fe1d52cb7?s=96&d=mm&r=g","contentUrl":"https:\/\/secure.gravatar.com\/avatar\/ccbfc30065ffedab003b329d4e442dae5f76674d7e09444e2e25b40fe1d52cb7?s=96&d=mm&r=g","caption":"Audrey Chauvir\u00e9"},"description":"Je me suis form\u00e9e \u00e0 l'architecture \u00e0 Nantes, j'ai ensuite travaill\u00e9 dans plusieurs agences, sur des projets vari\u00e9s (logements, bureaux, \u00e9coles, h\u00f4pitaux\u2026) en neuf et en r\u00e9novation. Sensibilis\u00e9e aux enjeux \u00e9cologiques depuis mon enfance, j'ai assez vite ressenti un manque dans ma pratique. J'avais le sentiment que les projets sur lesquels je travaillais n'\u00e9taient pas suffisamment ambitieux sur les plans \u00e9nerg\u00e9tiques et climatiques. J'ai pris le parti de me former sur les sujets qui me tiennent \u00e0 c\u0153ur, en particulier le r\u00e9emploi, les mat\u00e9riaux biosourc\u00e9s, la r\u00e9novation et les \u00e9nergies renouvelables. C'est dans ce cadre que j'ai d\u00e9couvert Twiza, en tant que b\u00e9n\u00e9vole sur les chantiers participatifs, une exp\u00e9rience qui m'a ouvert de nouveaux horizons ! En 2022, j'ai cr\u00e9\u00e9 l'atelier Ti\u2019CAD afin de mettre en coh\u00e9rence ma pratique en tant qu\u2019architecte et mon engagement \u00e9cologique. Atelier d\u2019architecture bioclimatique et durable, Ti'CAD a pour vocation d'accompagner les particuliers et les professionnels dans la conception de lieux \u00e9coresponsables et adapt\u00e9s \u00e0 leurs besoins. L\u2019objectif est double : r\u00e9duire l\u2019impact \u00e9nerg\u00e9tique et am\u00e9liorer le confort ! Pour cela, je vous accompagne dans la cr\u00e9ation et la r\u00e9novation de votre lieu de vie. A l\u2019\u00e9coute de vos envies, je mets \u00e0 disposition mes connaissances (bioclimatisme, mat\u00e9riaux biosourc\u00e9s, b\u00e2ti ancien...) et je vous aide \u00e0 imaginer l\u2019architecture qui vous ressemble !","sameAs":["https:\/\/ticad.twiza.org\/"],"url":"https:\/\/fr.twiza.org\/portail\/author\/audrey_chauvire\/"}]}},"jetpack_featured_media_url":"","jetpack_sharing_enabled":true,"_links":{"self":[{"href":"https:\/\/fr.twiza.org\/portail\/wp-json\/wp\/v2\/posts\/7797","targetHints":{"allow":["GET"]}}],"collection":[{"href":"https:\/\/fr.twiza.org\/portail\/wp-json\/wp\/v2\/posts"}],"about":[{"href":"https:\/\/fr.twiza.org\/portail\/wp-json\/wp\/v2\/types\/post"}],"author":[{"embeddable":true,"href":"https:\/\/fr.twiza.org\/portail\/wp-json\/wp\/v2\/users\/18"}],"replies":[{"embeddable":true,"href":"https:\/\/fr.twiza.org\/portail\/wp-json\/wp\/v2\/comments?post=7797"}],"version-history":[{"count":23,"href":"https:\/\/fr.twiza.org\/portail\/wp-json\/wp\/v2\/posts\/7797\/revisions"}],"predecessor-version":[{"id":8587,"href":"https:\/\/fr.twiza.org\/portail\/wp-json\/wp\/v2\/posts\/7797\/revisions\/8587"}],"wp:attachment":[{"href":"https:\/\/fr.twiza.org\/portail\/wp-json\/wp\/v2\/media?parent=7797"}],"wp:term":[{"taxonomy":"category","embeddable":true,"href":"https:\/\/fr.twiza.org\/portail\/wp-json\/wp\/v2\/categories?post=7797"},{"taxonomy":"post_tag","embeddable":true,"href":"https:\/\/fr.twiza.org\/portail\/wp-json\/wp\/v2\/tags?post=7797"}],"curies":[{"name":"wp","href":"https:\/\/api.w.org\/{rel}","templated":true}]}}